{"id":282,"date":"2020-05-08T21:26:11","date_gmt":"2020-05-08T21:26:11","guid":{"rendered":"http:\/\/arnim-emrich.de\/?p=282"},"modified":"2020-05-08T21:26:12","modified_gmt":"2020-05-08T21:26:12","slug":"spuere-dich","status":"publish","type":"post","link":"https:\/\/arnim-emrich.de\/?p=282","title":{"rendered":"Sp\u00fcre Dich"},"content":{"rendered":"\n<pre class=\"wp-block-verse\">Tot. <br>Bist du.<br>Nicht f\u00fcr mich.<\/pre>\n\n\n\n<pre class=\"wp-block-verse\">Ich denke an dich und sp\u00fcre:<br>Deine W\u00e4rme. <br>Deinen Witz. <br>Deine Fr\u00f6hlichkeit.<\/pre>\n\n\n\n<pre class=\"wp-block-verse\">Weg. <br>Warst du. <br>Nur kurz - wie ausgeblendet. <\/pre>\n\n\n\n<pre class=\"wp-block-verse\">Ich denke an dich und m\u00f6chte: <br>Mit dir lachen.<br>Mit dir spielen. <br>Von dir h\u00f6ren.  <\/pre>\n\n\n\n<pre class=\"wp-block-verse\">Zur\u00fcck. <br>Kamst du. <br>Pl\u00f6tzlich - ich sah dein Foto und sp\u00fcrte<br>Dich.<\/pre>\n\n\n\n<p><\/p>\n","protected":false},"excerpt":{"rendered":"<p>Tot. Bist du.Nicht f\u00fcr mich. Ich denke an dich und&#8230;<\/p>\n<div class=\"more-link-wrapper\"><a class=\"more-link\" href=\"https:\/\/arnim-emrich.de\/?p=282\">Beitrag lesen<span class=\"screen-reader-text\">Sp\u00fcre Dich<\/span><\/a><\/div>\n","protected":false},"author":3,"featured_media":0,"comment_status":"open","ping_status":"open","sticky":false,"template":"","format":"standard","meta":{"_seopress_robots_primary_cat":""},"categories":[4],"tags":[],"_links":{"self":[{"href":"https:\/\/arnim-emrich.de\/index.php?rest_route=\/wp\/v2\/posts\/282"}],"collection":[{"href":"https:\/\/arnim-emrich.de\/index.php?rest_route=\/wp\/v2\/posts"}],"about":[{"href":"https:\/\/arnim-emrich.de\/index.php?rest_route=\/wp\/v2\/types\/post"}],"author":[{"embeddable":true,"href":"https:\/\/arnim-emrich.de\/index.php?rest_route=\/wp\/v2\/users\/3"}],"replies":[{"embeddable":true,"href":"https:\/\/arnim-emrich.de\/index.php?rest_route=%2Fwp%2Fv2%2Fcomments&post=282"}],"version-history":[{"count":1,"href":"https:\/\/arnim-emrich.de\/index.php?rest_route=\/wp\/v2\/posts\/282\/revisions"}],"predecessor-version":[{"id":283,"href":"https:\/\/arnim-emrich.de\/index.php?rest_route=\/wp\/v2\/posts\/282\/revisions\/283"}],"wp:attachment":[{"href":"https:\/\/arnim-emrich.de\/index.php?rest_route=%2Fwp%2Fv2%2Fmedia&parent=282"}],"wp:term":[{"taxonomy":"category","embeddable":true,"href":"https:\/\/arnim-emrich.de\/index.php?rest_route=%2Fwp%2Fv2%2Fcategories&post=282"},{"taxonomy":"post_tag","embeddable":true,"href":"https:\/\/arnim-emrich.de\/index.php?rest_route=%2Fwp%2Fv2%2Ftags&post=282"}],"curies":[{"name":"wp","href":"https:\/\/api.w.org\/{rel}","templated":true}]}}